{"id":102,"date":"2020-04-27T08:00:00","date_gmt":"2020-04-27T06:00:00","guid":{"rendered":"https:\/\/aurythmedesvignes.fr\/?p=102"},"modified":"2021-11-30T17:22:14","modified_gmt":"2021-11-30T16:22:14","slug":"a-lapproche-du-territoire","status":"publish","type":"post","link":"https:\/\/aurythmedesvignes.fr\/en\/a-lapproche-du-territoire\/","title":{"rendered":"\u00c0 l&rsquo;approche du territoire"},"content":{"rendered":"<p>Au Rythme des vignes vous permettra de d\u00e9couvrir la production des vins de la vall\u00e9e du Rh\u00f4ne, de vous laisser porter par votre passion, de vous laisser conduire au c\u0153ur des vignobles, de d\u00e9couvrir des lieux de production viticole dont vous avez r\u00eav\u00e9s sans jamais prendre le temps de vous y porter.<\/p>\n\n\n\n<p>Au Rythme des Vignes, c\u2019est bien s\u00fbr la <a href=\"https:\/\/aurythmedesvignes.fr\/en\/notre-offre\/\">d\u00e9gustation de vins du Rh\u00f4ne<\/a> mais c\u2019est aussi conna\u00eetre la g\u00e9ographie du couloir rhodanien, l\u2019histoire de la vall\u00e9e du Rh\u00f4ne \u00e0 travers sa production viticole.<\/p>\n\n\n\n<p>Le parcours initiatique vous conduira dans les espaces feutr\u00e9s des chais au c\u0153ur des vignobles rhodaniens. Le vignoble de la vall\u00e9e du Rh\u00f4ne est un vignoble fran\u00e7ais qui s\u2019\u00e9tend de part et d&rsquo;autre du Rh\u00f4ne, du sud de Lyon passant par Tournon-sur-Rh\u00f4ne, Mont\u00e9limar, N\u00eemes allant jusqu\u2019en Avignon \u00e0 travers plus de 1300 communes. Ce vignoble fran\u00e7ais produit 3,5 millions d\u2019hectolitres par an qui repr\u00e9sentent environ 465 millions de bouteilles. Il se classe parmi les plus grandes productions fran\u00e7aises en vins d&rsquo;appellation d&rsquo;origine contr\u00f4l\u00e9e. Il s&rsquo;\u00e9tend sur six d\u00e9partements&nbsp;:&nbsp;Rh\u00f4ne, Loire, Ard\u00e8che, Gard, Dr\u00f4me et Vaucluse et couvre les r\u00e9gions&nbsp;Auvergne-Rh\u00f4ne-Alpes, Provence-Alpes-C\u00f4te d\u2019Azur et une partie de l\u2019Occitanie. <\/p>\n\n\n\n<p>Cette production b\u00e9n\u00e9ficie d\u2019un climat m\u00e9diterran\u00e9en temp\u00e9r\u00e9 sur la partie sud, appel\u00e9e C\u00f4tes du Rh\u00f4ne m\u00e9ridional, et d\u2019un climat continental sur la partie nord, appel\u00e9e C\u00f4tes du Rh\u00f4ne septentrional. Nous y trouvons plus de 70&nbsp;000 hectares plant\u00e9s et pas moins de 6000 exploitations dont 2000 caves ind\u00e9pendantes.<\/p>\n\n\n\n<p>Les principaux c\u00e9pages en rouge sont la Syrah, le Cinsault, le Grenache et le Mourv\u00e8dre. Les principaux c\u00e9pages en blanc sont le Viognier, la Marsanne et la Roussane (le Grenache blanc, la Clairette). Ils donnent naissance \u00e0 toutes les couleurs de vins allant du rouge au blanc en passant par les vins ros\u00e9s, les mousseux, p\u00e9tillants et vins doux naturels. Vous y trouverez les nobles breuvages tels les C\u00f4tes-du-Rh\u00f4ne, C\u00f4te-R\u00f4tie, Condrieu, Saint-Joseph, Vacqueyras, Crozes-Hermitage, Gigondas, Tavel, Ch\u00e2teauneuf-du-Pape, Muscat, Clairette-de-Die etc\u2026<\/p>\n\n\n\n<p><a href=\"https:\/\/aurythmedesvignes.fr\/en\/\" target=\"_blank\" rel=\"noreferrer noopener\">La d\u00e9couverte des vins de la vall\u00e9e du Rh\u00f4ne<\/a> <em>Au Rythme des Vignes<\/em>, gr\u00e2ce \u00e0 votre guide oenotouristique a pour objectifs la connaissance d\u2019une r\u00e9gion fran\u00e7aise tourn\u00e9e vers l\u2019\u0153nologie, le tourisme agricole et viticole mais aussi la connaissance d\u2019un terroir \u00e0 travers la d\u00e9gustation.<\/p>\n\n\n\n<p>Revenons aux fondamentaux, \u00e0 travers le terroir et la d\u00e9gustation.<\/p>\n\n\n\n<h2 class=\"wp-block-heading\">Qu\u2019est-ce que le terroir&nbsp;?<\/h2>\n\n\n\n<p>Le terroir d\u00e9signe une r\u00e9gion bien d\u00e9finie \u00e0 travers sa g\u00e9ographie mais aussi son histoire, ses caract\u00e9ristiques, ses particularit\u00e9s humaines, productions agricoles et viticoles.<\/p>\n\n\n\n<p>Nous comprendrons ais\u00e9ment lors de nos p\u00e9riples qui nous portent sur la route des vins de la vall\u00e9e du Rh\u00f4ne pourquoi Arnaud, guide et g\u00e9rant de l\u2019entreprise <em><a href=\"https:\/\/aurythmedesvignes.fr\/en\/qui-sommes-nous\/\" target=\"_blank\" rel=\"noreferrer noopener\">Au Rythme des Vignes<\/a><\/em> fait r\u00e9f\u00e9rence tr\u00e8s r\u00e9guli\u00e8rement au terroir.<\/p>\n\n\n\n<p>Le terroir pour la vall\u00e9e du Rh\u00f4ne, c\u2019est une production agricole et viticole mais aussi, un climat, un savoir faire qui ont fait \u00e9merger de r\u00e9elles et belles sp\u00e9cialit\u00e9s culinaires.<\/p>\n\n\n\n<p>Le terroir en vall\u00e9e du Rh\u00f4ne, c\u2019est aussi un savoir-\u00eatre exprim\u00e9 par des artisans transformateurs qui savent \u00e9lever et produire des vins d\u2019une qualit\u00e9 et d\u2019une finesse in\u00e9gal\u00e9e. Cette qualit\u00e9 conduit aux appellations d\u2019origines prot\u00e9g\u00e9es.<\/p>\n\n\n\n<h2 class=\"wp-block-heading\">Qu\u2019est-ce que la d\u00e9gustation et notamment la d\u00e9gustation d\u2019un vin&nbsp;?<\/h2>\n\n\n\n<p>Arnaud vous fera d\u00e9couvrir ce qu\u2019est d\u00e9guster un vin. <em>Au Rythme des Vignes<\/em> vous apprendra que d\u00e9guster un vin, c\u2019est l\u2019analyser, l\u2019exp\u00e9rimenter \u00e0 travers ses propri\u00e9t\u00e9s organiques, ses go\u00fbts, ses senteurs mais c\u2019est aussi lire en lui comme \u00e0 travers les pages d\u2019un livre. Y retrouver des couleurs que la nature nous offre au rythme des saisons.<\/p>\n\n\n\n<p>Viendra le moment de prendre en bouche ce breuvage pour que le gustatif prenne le pas sur le visuel et l\u2019olfactif. A partir de ce moment, vous vous forgerez une opinion et vous saurez appr\u00e9cier et parler des qualit\u00e9s de telle ou telle production.<\/p>\n\n\n\n<p>Vous aurez compris que d\u00e9guster un vin, c\u2019est l\u2019approcher \u00e0 pas feutr\u00e9s, le voir appara\u00eetre, le sentir, le go\u00fbter, l\u2019\u00e9valuer, le peser, l\u2019analyser, \u00eatre capable d\u2019en parler et de partager avec son entourage.<\/p>","protected":false},"excerpt":{"rendered":"<p>Au Rythme des vignes vous permettra de d\u00e9couvrir la production des vins de la vall\u00e9e du Rh\u00f4ne, de vous laisser porter par votre passion, de vous laisser conduire au c\u0153ur des vignobles, de d\u00e9couvrir des lieux de production viticole dont vous avez r\u00eav\u00e9s sans jamais prendre le temps de vous y porter. Au Rythme des [&hellip;]<\/p>\n","protected":false},"author":1,"featured_media":98,"comment_status":"open","ping_status":"open","sticky":false,"template":"","format":"standard","meta":{"footnotes":""},"categories":[1],"tags":[27,37,11,21,22,23,25,26,17,18,40,36,32,39,24,35,38,28,42,43,10,30,29,14,16,20,7,33,34,41,5,6,19,8,9,12,13,31,15],"acf":[],"yoast_head":"<!-- This site is optimized with the Yoast SEO plugin v23.5 - https:\/\/yoast.com\/wordpress\/plugins\/seo\/ -->\n<title>\u00c0 l&#039;approche du territoire - Au Rythme Des Vignes<\/title>\n<meta name=\"description\" content=\"Au Rythme des vignes vous permettra de d\u00e9couvrir la production des vins de la vall\u00e9e du Rh\u00f4ne, de vous laisser porter par votre passion, de vous laisser conduire au c\u0153ur des vignobles, de d\u00e9couvrir des lieux de production viticole dont vous avez r\u00eav\u00e9s sans jamais prendre le temps de vous y porter...\" \/>\n<meta name=\"robots\" content=\"index, follow, max-snippet:-1, max-image-preview:large, max-video-preview:-1\" \/>\n<link rel=\"canonical\" href=\"https:\/\/aurythmedesvignes.fr\/en\/a-lapproche-du-territoire\/\" \/>\n<meta property=\"og:locale\" content=\"en_US\" \/>\n<meta property=\"og:type\" content=\"article\" \/>\n<meta property=\"og:title\" content=\"\u00c0 l&#039;approche du territoire - Au Rythme Des Vignes\" \/>\n<meta property=\"og:description\" content=\"Au Rythme des vignes vous permettra de d\u00e9couvrir la production des vins de la vall\u00e9e du Rh\u00f4ne, de vous laisser porter par votre passion, de vous laisser conduire au c\u0153ur des vignobles, de d\u00e9couvrir des lieux de production viticole dont vous avez r\u00eav\u00e9s sans jamais prendre le temps de vous y porter...\" \/>\n<meta property=\"og:url\" content=\"https:\/\/aurythmedesvignes.fr\/en\/a-lapproche-du-territoire\/\" \/>\n<meta property=\"og:site_name\" content=\"Au Rythme Des Vignes\" \/>\n<meta property=\"article:published_time\" content=\"2020-04-27T06:00:00+00:00\" \/>\n<meta property=\"article:modified_time\" content=\"2021-11-30T16:22:14+00:00\" \/>\n<meta property=\"og:image\" content=\"https:\/\/aurythmedesvignes.fr\/wp-content\/uploads\/2020\/04\/Canva-Green-Farm-scaled.jpg\" \/>\n\t<meta property=\"og:image:width\" content=\"2560\" \/>\n\t<meta property=\"og:image:height\" content=\"1700\" \/>\n\t<meta property=\"og:image:type\" content=\"image\/jpeg\" \/>\n<meta name=\"author\" content=\"Arnaud\" \/>\n<meta name=\"twitter:card\" content=\"summary_large_image\" \/>\n<meta name=\"twitter:label1\" content=\"Written by\" \/>\n\t<meta name=\"twitter:data1\" content=\"Arnaud\" \/>\n\t<meta name=\"twitter:label2\" content=\"Est. reading time\" \/>\n\t<meta name=\"twitter:data2\" content=\"3 minutes\" \/>\n<script type=\"application\/ld+json\" class=\"yoast-schema-graph\">{\"@context\":\"https:\/\/schema.org\",\"@graph\":[{\"@type\":\"Article\",\"@id\":\"https:\/\/aurythmedesvignes.fr\/a-lapproche-du-territoire\/#article\",\"isPartOf\":{\"@id\":\"https:\/\/aurythmedesvignes.fr\/a-lapproche-du-territoire\/\"},\"author\":{\"name\":\"Arnaud\",\"@id\":\"https:\/\/aurythmedesvignes.fr\/#\/schema\/person\/eba6ba8f4a7f3c4f22de65e2b4e8cd04\"},\"headline\":\"\u00c0 l&rsquo;approche du territoire\",\"datePublished\":\"2020-04-27T06:00:00+00:00\",\"dateModified\":\"2021-11-30T16:22:14+00:00\",\"mainEntityOfPage\":{\"@id\":\"https:\/\/aurythmedesvignes.fr\/a-lapproche-du-territoire\/\"},\"wordCount\":786,\"commentCount\":0,\"publisher\":{\"@id\":\"https:\/\/aurythmedesvignes.fr\/#organization\"},\"image\":{\"@id\":\"https:\/\/aurythmedesvignes.fr\/a-lapproche-du-territoire\/#primaryimage\"},\"thumbnailUrl\":\"https:\/\/aurythmedesvignes.fr\/wp-content\/uploads\/2020\/04\/Canva-Green-Farm-scaled.jpg\",\"keywords\":[\"circuit\",\"circuit court\",\"c\u0153ur\",\"c\u00f4te du rh\u00f4ne\",\"c\u00f4tes du rh\u00f4ne\",\"couloir rhodanien\",\"culture\",\"d\u00e9couverte\",\"d\u00e9gustation\",\"d\u00e9gustations\",\"d\u00e9guster\",\"direct\",\"go\u00fbt\",\"gustatif\",\"histoire\",\"local\",\"nature\",\"\u0153nologie\",\"partage\",\"partager\",\"passion\",\"p\u00e9riple\",\"plaisir\",\"production\",\"r\u00eaver\",\"R\u00f4ne\",\"rythme\",\"sens\",\"sensorielle\",\"sentir\",\"territoire\",\"terroir\",\"vall\u00e9e du Rh\u00f4ne\",\"vigne\",\"vignes\",\"vignoble\",\"vignobles\",\"vin\",\"viticole\"],\"articleSection\":[\"Infos\"],\"inLanguage\":\"en-US\",\"potentialAction\":[{\"@type\":\"CommentAction\",\"name\":\"Comment\",\"target\":[\"https:\/\/aurythmedesvignes.fr\/a-lapproche-du-territoire\/#respond\"]}]},{\"@type\":\"WebPage\",\"@id\":\"https:\/\/aurythmedesvignes.fr\/a-lapproche-du-territoire\/\",\"url\":\"https:\/\/aurythmedesvignes.fr\/a-lapproche-du-territoire\/\",\"name\":\"\u00c0 l'approche du territoire - Au Rythme Des Vignes\",\"isPartOf\":{\"@id\":\"https:\/\/aurythmedesvignes.fr\/#website\"},\"primaryImageOfPage\":{\"@id\":\"https:\/\/aurythmedesvignes.fr\/a-lapproche-du-territoire\/#primaryimage\"},\"image\":{\"@id\":\"https:\/\/aurythmedesvignes.fr\/a-lapproche-du-territoire\/#primaryimage\"},\"thumbnailUrl\":\"https:\/\/aurythmedesvignes.fr\/wp-content\/uploads\/2020\/04\/Canva-Green-Farm-scaled.jpg\",\"datePublished\":\"2020-04-27T06:00:00+00:00\",\"dateModified\":\"2021-11-30T16:22:14+00:00\",\"description\":\"Au Rythme des vignes vous permettra de d\u00e9couvrir la production des vins de la vall\u00e9e du Rh\u00f4ne, de vous laisser porter par votre passion, de vous laisser conduire au c\u0153ur des vignobles, de d\u00e9couvrir des lieux de production viticole dont vous avez r\u00eav\u00e9s sans jamais prendre le temps de vous y porter...\",\"breadcrumb\":{\"@id\":\"https:\/\/aurythmedesvignes.fr\/a-lapproche-du-territoire\/#breadcrumb\"},\"inLanguage\":\"en-US\",\"potentialAction\":[{\"@type\":\"ReadAction\",\"target\":[\"https:\/\/aurythmedesvignes.fr\/a-lapproche-du-territoire\/\"]}]},{\"@type\":\"ImageObject\",\"inLanguage\":\"en-US\",\"@id\":\"https:\/\/aurythmedesvignes.fr\/a-lapproche-du-territoire\/#primaryimage\",\"url\":\"https:\/\/aurythmedesvignes.fr\/wp-content\/uploads\/2020\/04\/Canva-Green-Farm-scaled.jpg\",\"contentUrl\":\"https:\/\/aurythmedesvignes.fr\/wp-content\/uploads\/2020\/04\/Canva-Green-Farm-scaled.jpg\",\"width\":2560,\"height\":1700},{\"@type\":\"BreadcrumbList\",\"@id\":\"https:\/\/aurythmedesvignes.fr\/a-lapproche-du-territoire\/#breadcrumb\",\"itemListElement\":[{\"@type\":\"ListItem\",\"position\":1,\"name\":\"Accueil\",\"item\":\"https:\/\/aurythmedesvignes.fr\/\"},{\"@type\":\"ListItem\",\"position\":2,\"name\":\"\u00c0 l&#8217;approche du territoire\"}]},{\"@type\":\"WebSite\",\"@id\":\"https:\/\/aurythmedesvignes.fr\/#website\",\"url\":\"https:\/\/aurythmedesvignes.fr\/\",\"name\":\"Au Rythme Des Vignes\",\"description\":\"Offrez-vous une \u00e9chapp\u00e9e gourmande au c\u0153ur de la Vall\u00e9e du Rh\u00f4ne\",\"publisher\":{\"@id\":\"https:\/\/aurythmedesvignes.fr\/#organization\"},\"potentialAction\":[{\"@type\":\"SearchAction\",\"target\":{\"@type\":\"EntryPoint\",\"urlTemplate\":\"https:\/\/aurythmedesvignes.fr\/?s={search_term_string}\"},\"query-input\":{\"@type\":\"PropertyValueSpecification\",\"valueRequired\":true,\"valueName\":\"search_term_string\"}}],\"inLanguage\":\"en-US\"},{\"@type\":\"Organization\",\"@id\":\"https:\/\/aurythmedesvignes.fr\/#organization\",\"name\":\"Au Rythme des Vignes\",\"url\":\"https:\/\/aurythmedesvignes.fr\/\",\"logo\":{\"@type\":\"ImageObject\",\"inLanguage\":\"en-US\",\"@id\":\"https:\/\/aurythmedesvignes.fr\/#\/schema\/logo\/image\/\",\"url\":\"https:\/\/aurythmedesvignes.fr\/wp-content\/uploads\/2021\/02\/Logo-transparent-1.png\",\"contentUrl\":\"https:\/\/aurythmedesvignes.fr\/wp-content\/uploads\/2021\/02\/Logo-transparent-1.png\",\"width\":634,\"height\":449,\"caption\":\"Au Rythme des Vignes\"},\"image\":{\"@id\":\"https:\/\/aurythmedesvignes.fr\/#\/schema\/logo\/image\/\"}},{\"@type\":\"Person\",\"@id\":\"https:\/\/aurythmedesvignes.fr\/#\/schema\/person\/eba6ba8f4a7f3c4f22de65e2b4e8cd04\",\"name\":\"Arnaud\",\"url\":\"https:\/\/aurythmedesvignes.fr\/en\/author\/admin9253\/\"}]}<\/script>\n<!-- \/ Yoast SEO plugin. -->","yoast_head_json":{"title":"\u00c0 l'approche du territoire - Au Rythme Des Vignes","description":"Au Rythme des vignes vous permettra de d\u00e9couvrir la production des vins de la vall\u00e9e du Rh\u00f4ne, de vous laisser porter par votre passion, de vous laisser conduire au c\u0153ur des vignobles, de d\u00e9couvrir des lieux de production viticole dont vous avez r\u00eav\u00e9s sans jamais prendre le temps de vous y porter...","robots":{"index":"index","follow":"follow","max-snippet":"max-snippet:-1","max-image-preview":"max-image-preview:large","max-video-preview":"max-video-preview:-1"},"canonical":"https:\/\/aurythmedesvignes.fr\/en\/a-lapproche-du-territoire\/","og_locale":"en_US","og_type":"article","og_title":"\u00c0 l'approche du territoire - Au Rythme Des Vignes","og_description":"Au Rythme des vignes vous permettra de d\u00e9couvrir la production des vins de la vall\u00e9e du Rh\u00f4ne, de vous laisser porter par votre passion, de vous laisser conduire au c\u0153ur des vignobles, de d\u00e9couvrir des lieux de production viticole dont vous avez r\u00eav\u00e9s sans jamais prendre le temps de vous y porter...","og_url":"https:\/\/aurythmedesvignes.fr\/en\/a-lapproche-du-territoire\/","og_site_name":"Au Rythme Des Vignes","article_published_time":"2020-04-27T06:00:00+00:00","article_modified_time":"2021-11-30T16:22:14+00:00","og_image":[{"width":2560,"height":1700,"url":"https:\/\/aurythmedesvignes.fr\/wp-content\/uploads\/2020\/04\/Canva-Green-Farm-scaled.jpg","type":"image\/jpeg"}],"author":"Arnaud","twitter_card":"summary_large_image","twitter_misc":{"Written by":"Arnaud","Est. reading time":"3 minutes"},"schema":{"@context":"https:\/\/schema.org","@graph":[{"@type":"Article","@id":"https:\/\/aurythmedesvignes.fr\/a-lapproche-du-territoire\/#article","isPartOf":{"@id":"https:\/\/aurythmedesvignes.fr\/a-lapproche-du-territoire\/"},"author":{"name":"Arnaud","@id":"https:\/\/aurythmedesvignes.fr\/#\/schema\/person\/eba6ba8f4a7f3c4f22de65e2b4e8cd04"},"headline":"\u00c0 l&rsquo;approche du territoire","datePublished":"2020-04-27T06:00:00+00:00","dateModified":"2021-11-30T16:22:14+00:00","mainEntityOfPage":{"@id":"https:\/\/aurythmedesvignes.fr\/a-lapproche-du-territoire\/"},"wordCount":786,"commentCount":0,"publisher":{"@id":"https:\/\/aurythmedesvignes.fr\/#organization"},"image":{"@id":"https:\/\/aurythmedesvignes.fr\/a-lapproche-du-territoire\/#primaryimage"},"thumbnailUrl":"https:\/\/aurythmedesvignes.fr\/wp-content\/uploads\/2020\/04\/Canva-Green-Farm-scaled.jpg","keywords":["circuit","circuit court","c\u0153ur","c\u00f4te du rh\u00f4ne","c\u00f4tes du rh\u00f4ne","couloir rhodanien","culture","d\u00e9couverte","d\u00e9gustation","d\u00e9gustations","d\u00e9guster","direct","go\u00fbt","gustatif","histoire","local","nature","\u0153nologie","partage","partager","passion","p\u00e9riple","plaisir","production","r\u00eaver","R\u00f4ne","rythme","sens","sensorielle","sentir","territoire","terroir","vall\u00e9e du Rh\u00f4ne","vigne","vignes","vignoble","vignobles","vin","viticole"],"articleSection":["Infos"],"inLanguage":"en-US","potentialAction":[{"@type":"CommentAction","name":"Comment","target":["https:\/\/aurythmedesvignes.fr\/a-lapproche-du-territoire\/#respond"]}]},{"@type":"WebPage","@id":"https:\/\/aurythmedesvignes.fr\/a-lapproche-du-territoire\/","url":"https:\/\/aurythmedesvignes.fr\/a-lapproche-du-territoire\/","name":"\u00c0 l'approche du territoire - Au Rythme Des Vignes","isPartOf":{"@id":"https:\/\/aurythmedesvignes.fr\/#website"},"primaryImageOfPage":{"@id":"https:\/\/aurythmedesvignes.fr\/a-lapproche-du-territoire\/#primaryimage"},"image":{"@id":"https:\/\/aurythmedesvignes.fr\/a-lapproche-du-territoire\/#primaryimage"},"thumbnailUrl":"https:\/\/aurythmedesvignes.fr\/wp-content\/uploads\/2020\/04\/Canva-Green-Farm-scaled.jpg","datePublished":"2020-04-27T06:00:00+00:00","dateModified":"2021-11-30T16:22:14+00:00","description":"Au Rythme des vignes vous permettra de d\u00e9couvrir la production des vins de la vall\u00e9e du Rh\u00f4ne, de vous laisser porter par votre passion, de vous laisser conduire au c\u0153ur des vignobles, de d\u00e9couvrir des lieux de production viticole dont vous avez r\u00eav\u00e9s sans jamais prendre le temps de vous y porter...","breadcrumb":{"@id":"https:\/\/aurythmedesvignes.fr\/a-lapproche-du-territoire\/#breadcrumb"},"inLanguage":"en-US","potentialAction":[{"@type":"ReadAction","target":["https:\/\/aurythmedesvignes.fr\/a-lapproche-du-territoire\/"]}]},{"@type":"ImageObject","inLanguage":"en-US","@id":"https:\/\/aurythmedesvignes.fr\/a-lapproche-du-territoire\/#primaryimage","url":"https:\/\/aurythmedesvignes.fr\/wp-content\/uploads\/2020\/04\/Canva-Green-Farm-scaled.jpg","contentUrl":"https:\/\/aurythmedesvignes.fr\/wp-content\/uploads\/2020\/04\/Canva-Green-Farm-scaled.jpg","width":2560,"height":1700},{"@type":"BreadcrumbList","@id":"https:\/\/aurythmedesvignes.fr\/a-lapproche-du-territoire\/#breadcrumb","itemListElement":[{"@type":"ListItem","position":1,"name":"Accueil","item":"https:\/\/aurythmedesvignes.fr\/"},{"@type":"ListItem","position":2,"name":"\u00c0 l&#8217;approche du territoire"}]},{"@type":"WebSite","@id":"https:\/\/aurythmedesvignes.fr\/#website","url":"https:\/\/aurythmedesvignes.fr\/","name":"Au Rythme Des Vignes","description":"Offrez-vous une \u00e9chapp\u00e9e gourmande au c\u0153ur de la Vall\u00e9e du Rh\u00f4ne","publisher":{"@id":"https:\/\/aurythmedesvignes.fr\/#organization"},"potentialAction":[{"@type":"SearchAction","target":{"@type":"EntryPoint","urlTemplate":"https:\/\/aurythmedesvignes.fr\/?s={search_term_string}"},"query-input":{"@type":"PropertyValueSpecification","valueRequired":true,"valueName":"search_term_string"}}],"inLanguage":"en-US"},{"@type":"Organization","@id":"https:\/\/aurythmedesvignes.fr\/#organization","name":"Au Rythme des Vignes","url":"https:\/\/aurythmedesvignes.fr\/","logo":{"@type":"ImageObject","inLanguage":"en-US","@id":"https:\/\/aurythmedesvignes.fr\/#\/schema\/logo\/image\/","url":"https:\/\/aurythmedesvignes.fr\/wp-content\/uploads\/2021\/02\/Logo-transparent-1.png","contentUrl":"https:\/\/aurythmedesvignes.fr\/wp-content\/uploads\/2021\/02\/Logo-transparent-1.png","width":634,"height":449,"caption":"Au Rythme des Vignes"},"image":{"@id":"https:\/\/aurythmedesvignes.fr\/#\/schema\/logo\/image\/"}},{"@type":"Person","@id":"https:\/\/aurythmedesvignes.fr\/#\/schema\/person\/eba6ba8f4a7f3c4f22de65e2b4e8cd04","name":"Arnaud","url":"https:\/\/aurythmedesvignes.fr\/en\/author\/admin9253\/"}]}},"_links":{"self":[{"href":"https:\/\/aurythmedesvignes.fr\/en\/wp-json\/wp\/v2\/posts\/102"}],"collection":[{"href":"https:\/\/aurythmedesvignes.fr\/en\/wp-json\/wp\/v2\/posts"}],"about":[{"href":"https:\/\/aurythmedesvignes.fr\/en\/wp-json\/wp\/v2\/types\/post"}],"author":[{"embeddable":true,"href":"https:\/\/aurythmedesvignes.fr\/en\/wp-json\/wp\/v2\/users\/1"}],"replies":[{"embeddable":true,"href":"https:\/\/aurythmedesvignes.fr\/en\/wp-json\/wp\/v2\/comments?post=102"}],"version-history":[{"count":6,"href":"https:\/\/aurythmedesvignes.fr\/en\/wp-json\/wp\/v2\/posts\/102\/revisions"}],"predecessor-version":[{"id":2365,"href":"https:\/\/aurythmedesvignes.fr\/en\/wp-json\/wp\/v2\/posts\/102\/revisions\/2365"}],"wp:featuredmedia":[{"embeddable":true,"href":"https:\/\/aurythmedesvignes.fr\/en\/wp-json\/wp\/v2\/media\/98"}],"wp:attachment":[{"href":"https:\/\/aurythmedesvignes.fr\/en\/wp-json\/wp\/v2\/media?parent=102"}],"wp:term":[{"taxonomy":"category","embeddable":true,"href":"https:\/\/aurythmedesvignes.fr\/en\/wp-json\/wp\/v2\/categories?post=102"},{"taxonomy":"post_tag","embeddable":true,"href":"https:\/\/aurythmedesvignes.fr\/en\/wp-json\/wp\/v2\/tags?post=102"}],"curies":[{"name":"wp","href":"https:\/\/api.w.org\/{rel}","templated":true}]}}